{"id":5338,"date":"2021-12-01T10:00:00","date_gmt":"2021-12-01T16:00:00","guid":{"rendered":"https:\/\/edifica.com.pe\/blog\/?p=5338"},"modified":"2023-10-07T13:55:48","modified_gmt":"2023-10-07T19:55:48","slug":"feria-3-dias-locura-inmobiliaria","status":"publish","type":"post","link":"https:\/\/edifica.com.pe\/blog\/feria-3-dias-locura-inmobiliaria\/","title":{"rendered":"\u00a1S\u00e9 parte de la feria D\u00edas De Locura Inmobiliaria 2021 con Edifica!"},"content":{"rendered":"<p><span style=\"font-weight: 400;\">Julio ser\u00e1 el mes en el cual finalmente encontrar\u00e1s el departamento que t\u00fa y tu familia han estado buscando. Edifica te invita a los <\/span><b>D\u00edas de Locura Inmobiliaria 2021<\/b><span style=\"font-weight: 400;\">, evento que pone en vitrina la m\u00e1s grande colecci\u00f3n de opciones inmobiliarias.<\/span><\/p>\n<p><span style=\"font-weight: 400;\">Tendr\u00e1s desde el 01 al 12 de diciembre para elegir entre los mejores proyectos y los m\u00e1s prestigiosos desarrolladores. \u00bfMencionamos que podr\u00e1s participar desde la comodidad de tu casa? Bueno, aqu\u00ed detallaremos todo lo que debes saber sobre este evento.<\/span><\/p>\n<div id=\"ez-toc-container\" class=\"ez-toc-v2_0_74 counter-hierarchy ez-toc-counter ez-toc-grey ez-toc-container-direction\">\n<div class=\"ez-toc-title-container\">\n<p class=\"ez-toc-title\" style=\"cursor:inherit\">Tabla de Contenido<\/p>\n<span class=\"ez-toc-title-toggle\"><\/span><\/div>\n<nav><ul class='ez-toc-list ez-toc-list-level-1 ' ><li class='ez-toc-page-1 ez-toc-heading-level-2'><a class=\"ez-toc-link ez-toc-heading-1\" href=\"https:\/\/edifica.com.pe\/blog\/feria-3-dias-locura-inmobiliaria\/#Fecha_del_evento\" >Fecha del evento<\/a><\/li><li class='ez-toc-page-1 ez-toc-heading-level-2'><a class=\"ez-toc-link ez-toc-heading-2\" href=\"https:\/\/edifica.com.pe\/blog\/feria-3-dias-locura-inmobiliaria\/#Una_feria_virtual\" >Una feria virtual<\/a><\/li><li class='ez-toc-page-1 ez-toc-heading-level-2'><a class=\"ez-toc-link ez-toc-heading-3\" href=\"https:\/\/edifica.com.pe\/blog\/feria-3-dias-locura-inmobiliaria\/#%C2%BFQue_te_ofrece_Edifica\" >\u00bfQu\u00e9 te ofrece Edifica?<\/a><ul class='ez-toc-list-level-3' ><li class='ez-toc-heading-level-3'><a class=\"ez-toc-link ez-toc-heading-4\" href=\"https:\/\/edifica.com.pe\/blog\/feria-3-dias-locura-inmobiliaria\/#Departamentos\" >Departamentos<\/a><\/li><li class='ez-toc-page-1 ez-toc-heading-level-3'><a class=\"ez-toc-link ez-toc-heading-5\" href=\"https:\/\/edifica.com.pe\/blog\/feria-3-dias-locura-inmobiliaria\/#Grimaldo_%E2%80%93_Departamentos_en_Miraflores\" >Grimaldo \u2013 Departamentos en Miraflores<\/a><\/li><li class='ez-toc-page-1 ez-toc-heading-level-3'><a class=\"ez-toc-link ez-toc-heading-6\" href=\"https:\/\/edifica.com.pe\/blog\/feria-3-dias-locura-inmobiliaria\/#Alta_%E2%80%93_Departamentos_en_San_Isidro\" >Alta \u2013 Departamentos en San Isidro<\/a><\/li><li class='ez-toc-page-1 ez-toc-heading-level-3'><a class=\"ez-toc-link ez-toc-heading-7\" href=\"https:\/\/edifica.com.pe\/blog\/feria-3-dias-locura-inmobiliaria\/#The_Park_%E2%80%93_Departamentos_en_Lince\" >The Park \u2013 Departamentos en Lince<\/a><\/li><li class='ez-toc-page-1 ez-toc-heading-level-3'><a class=\"ez-toc-link ez-toc-heading-8\" href=\"https:\/\/edifica.com.pe\/blog\/feria-3-dias-locura-inmobiliaria\/#Artinto_%E2%80%93_Departamentos_en_Barranco\" >Artinto \u2013 Departamentos en Barranco<\/a><\/li><li class='ez-toc-page-1 ez-toc-heading-level-3'><a class=\"ez-toc-link ez-toc-heading-9\" href=\"https:\/\/edifica.com.pe\/blog\/feria-3-dias-locura-inmobiliaria\/#Grau_15_%E2%80%93_Departamentos_en_Barranco\" >Grau 15 \u2013 Departamentos en Barranco<\/a><\/li><li class='ez-toc-page-1 ez-toc-heading-level-3'><a class=\"ez-toc-link ez-toc-heading-10\" href=\"https:\/\/edifica.com.pe\/blog\/feria-3-dias-locura-inmobiliaria\/#Soul_%E2%80%93_Departamentos_en_Miraflores\" >Soul \u2013 Departamentos en Miraflores<\/a><\/li><li class='ez-toc-page-1 ez-toc-heading-level-3'><a class=\"ez-toc-link ez-toc-heading-11\" href=\"https:\/\/edifica.com.pe\/blog\/feria-3-dias-locura-inmobiliaria\/#360%C2%B0_%E2%80%93_Departamentos_en_Miraflores\" >360\u00b0 \u2013 Departamentos en Miraflores<\/a><\/li><li class='ez-toc-page-1 ez-toc-heading-level-3'><a class=\"ez-toc-link ez-toc-heading-12\" href=\"https:\/\/edifica.com.pe\/blog\/feria-3-dias-locura-inmobiliaria\/#Black_%E2%80%93_Departamentos_en_San_Isidro\" >Black \u2013 Departamentos en San Isidro<\/a><\/li><li class='ez-toc-page-1 ez-toc-heading-level-3'><a class=\"ez-toc-link ez-toc-heading-13\" href=\"https:\/\/edifica.com.pe\/blog\/feria-3-dias-locura-inmobiliaria\/#Connect_Barranco_%E2%80%93_Departamentos_en_Barranco\" >Connect Barranco \u2013 Departamentos en Barranco<\/a><\/li><li class='ez-toc-page-1 ez-toc-heading-level-3'><a class=\"ez-toc-link ez-toc-heading-14\" href=\"https:\/\/edifica.com.pe\/blog\/feria-3-dias-locura-inmobiliaria\/#Garden_360_%E2%80%93_Departamentos_en_Piura\" >Garden 360 \u2013 Departamentos en Piura<\/a><\/li><li class='ez-toc-page-1 ez-toc-heading-level-3'><a class=\"ez-toc-link ez-toc-heading-15\" href=\"https:\/\/edifica.com.pe\/blog\/feria-3-dias-locura-inmobiliaria\/#Las_Palmeras_del_Chipe_%E2%80%93_Departamentos_en_Piura\" >Las Palmeras del Chipe \u2013 Departamentos en Piura<\/a><\/li><li class='ez-toc-page-1 ez-toc-heading-level-3'><a class=\"ez-toc-link ez-toc-heading-16\" href=\"https:\/\/edifica.com.pe\/blog\/feria-3-dias-locura-inmobiliaria\/#Oficinas\" >Oficinas<\/a><\/li><li class='ez-toc-page-1 ez-toc-heading-level-3'><a class=\"ez-toc-link ez-toc-heading-17\" href=\"https:\/\/edifica.com.pe\/blog\/feria-3-dias-locura-inmobiliaria\/#Grau_15_%E2%80%93_Oficinas_en_Barranco\" >Grau 15 \u2013 Oficinas en Barranco<\/a><\/li><li class='ez-toc-page-1 ez-toc-heading-level-3'><a class=\"ez-toc-link ez-toc-heading-18\" href=\"https:\/\/edifica.com.pe\/blog\/feria-3-dias-locura-inmobiliaria\/#360%C2%B0_%E2%80%93_Oficinas_en_Miraflores\" >360\u00b0 \u2013 Oficinas en Miraflores<\/a><\/li><li class='ez-toc-page-1 ez-toc-heading-level-3'><a class=\"ez-toc-link ez-toc-heading-19\" href=\"https:\/\/edifica.com.pe\/blog\/feria-3-dias-locura-inmobiliaria\/#Connect_Barranco_%E2%80%93_Oficinas_boutique_en_Barranco\" >Connect Barranco \u2013 Oficinas boutique en Barranco<\/a><\/li><\/ul><\/li><\/ul><\/nav><\/div>\n<h2 style=\"text-align: justify;\"><span class=\"ez-toc-section\" id=\"Fecha_del_evento\"><\/span><strong>Fecha del evento<\/strong><span class=\"ez-toc-section-end\"><\/span><\/h2>\n<p style=\"text-align: justify;\"><span style=\"font-weight: 400;\">La feria <\/span><a href=\"https:\/\/locurainmobiliaria.com\/inmobiliaria\/gerencia-de-proyectos-edifica-s-a-c\" target=\"_blank\" rel=\"noopener\"><span style=\"font-weight: 400;\">D\u00edas de Locura Inmobiliaria<\/span><\/a><span style=\"font-weight: 400;\"> 2021 se llevar\u00e1 a cabo desde el mi\u00e9rcoles 01 al domingo 12 de diciembre.<\/span><span style=\"font-weight: 400;\">\u00a0Durante este periodo de tiempo, tendr\u00e1s la libertad de elegir entre proyectos inmobiliarios ubicados en diferentes distritos, ciudades y hasta departamentos.<\/span><\/p>\n<h2 style=\"text-align: justify;\"><span class=\"ez-toc-section\" id=\"Una_feria_virtual\"><\/span><strong>Una feria virtual<\/strong><span class=\"ez-toc-section-end\"><\/span><\/h2>\n<p><img loading=\"lazy\" decoding=\"async\" class=\"aligncenter size-full wp-image-5820\" src=\"https:\/\/edifica.com.pe\/blog\/wp-content\/uploads\/2020\/05\/descubre-promociones-descuentos.jpg\" alt=\"\" width=\"720\" height=\"340\" title=\"\" srcset=\"https:\/\/edifica.com.pe\/blog\/wp-content\/uploads\/2020\/05\/descubre-promociones-descuentos.jpg 720w, https:\/\/edifica.com.pe\/blog\/wp-content\/uploads\/2020\/05\/descubre-promociones-descuentos-300x142.jpg 300w, https:\/\/edifica.com.pe\/blog\/wp-content\/uploads\/2020\/05\/descubre-promociones-descuentos-520x245.jpg 520w\" sizes=\"auto, (max-width: 720px) 100vw, 720px\" \/><\/p>\n<p style=\"text-align: justify;\"><span style=\"font-weight: 400;\">Si te estabas preguntando d\u00f3nde se realizar\u00e1, esa es la mejor parte. Para participar en este evento no necesitas acudir a ning\u00fan lado. Esta es una feria virtual, por lo que para participar solo debes acceder al portal de la feria. No gastar\u00e1s en transporte y no habr\u00e1 tr\u00e1fico de por medio.<\/span><\/p>\n<h2 style=\"text-align: justify;\"><span class=\"ez-toc-section\" id=\"%C2%BFQue_te_ofrece_Edifica\"><\/span><strong>\u00bfQu\u00e9 te ofrece Edifica?<\/strong><span class=\"ez-toc-section-end\"><\/span><\/h2>\n<p style=\"text-align: justify;\"><span style=\"font-weight: 400;\">Para esta edici\u00f3n de la feria, te ofrecemos una gran variedad de <\/span><b>proyectos de departamentos <\/b><span style=\"font-weight: 400;\">y oficinas con la belleza y calidad que se espera de Edifica Inmobiliaria.<\/span><\/p>\n<h3 style=\"text-align: justify;\"><span class=\"ez-toc-section\" id=\"Departamentos\"><\/span><b>Departamentos<\/b><span class=\"ez-toc-section-end\"><\/span><\/h3>\n<h3 style=\"text-align: justify;\"><span class=\"ez-toc-section\" id=\"Grimaldo_%E2%80%93_Departamentos_en_Miraflores\"><\/span><span style=\"color: #ff9900;\"><strong>Grimaldo \u2013 Departamentos en Miraflores<\/strong><\/span><span class=\"ez-toc-section-end\"><\/span><\/h3>\n<p><img loading=\"lazy\" decoding=\"async\" class=\"aligncenter size-full wp-image-6238\" src=\"https:\/\/edifica.com.pe\/blog\/wp-content\/uploads\/2021\/07\/grimaldo.jpg\" alt=\"grimaldo\" width=\"720\" height=\"340\" title=\"\" srcset=\"https:\/\/edifica.com.pe\/blog\/wp-content\/uploads\/2021\/07\/grimaldo.jpg 720w, https:\/\/edifica.com.pe\/blog\/wp-content\/uploads\/2021\/07\/grimaldo-300x142.jpg 300w, https:\/\/edifica.com.pe\/blog\/wp-content\/uploads\/2021\/07\/grimaldo-600x283.jpg 600w\" sizes=\"auto, (max-width: 720px) 100vw, 720px\" \/><\/p>\n<p><span style=\"font-weight: 400;\">Todos queremos una casa que se encuentre cerca de las principales instituciones y servicios de la ciudad. En ese sentido, Grimaldo te ofrece justo lo que buscas.<\/span><\/p>\n<p><span style=\"font-weight: 400;\">El proyecto se localiza en Calle Grimaldo del Solar 247, muy cerca de la avenida Benavides y el Paseo de la Rep\u00fablica. Asimismo, te brinda departamentos desde 59 m2 con 1, 2 y hasta 3 dormitorios.<\/span><\/p>\n<h3 style=\"text-align: justify;\"><span class=\"ez-toc-section\" id=\"Alta_%E2%80%93_Departamentos_en_San_Isidro\"><\/span><strong><span style=\"color: #ff9900;\">Alta \u2013 Departamentos en San Isidro<\/span><\/strong><span class=\"ez-toc-section-end\"><\/span><\/h3>\n<p><img loading=\"lazy\" decoding=\"async\" class=\"aligncenter size-full wp-image-6239\" src=\"https:\/\/edifica.com.pe\/blog\/wp-content\/uploads\/2021\/07\/alta-san-isidro.jpg\" alt=\"san isidro alta\" width=\"720\" height=\"340\" title=\"\" srcset=\"https:\/\/edifica.com.pe\/blog\/wp-content\/uploads\/2021\/07\/alta-san-isidro.jpg 720w, https:\/\/edifica.com.pe\/blog\/wp-content\/uploads\/2021\/07\/alta-san-isidro-300x142.jpg 300w, https:\/\/edifica.com.pe\/blog\/wp-content\/uploads\/2021\/07\/alta-san-isidro-600x283.jpg 600w\" sizes=\"auto, (max-width: 720px) 100vw, 720px\" \/><\/p>\n<p><span style=\"font-weight: 400;\">Vivir en el distrito financiero de la ciudad es bastante atractivo, especialmente con el proyecto Alta. Ubicado en la Calle Dean Valdivia 207 Esq. con Rivera Navarrete, se encuentra a un par de pasos de la avenida Javier Prado y est\u00e1 rodeado de \u00e1reas verdes.<\/span><\/p>\n<p><span style=\"font-weight: 400;\">El edificio cuenta con departamentos desde 45 m2 hasta 60 m2 con 1 y 2 dormitorios.<\/span><\/p>\n<h3 style=\"text-align: justify;\"><span class=\"ez-toc-section\" id=\"The_Park_%E2%80%93_Departamentos_en_Lince\"><\/span><strong><span style=\"color: #ff9900;\">The Park \u2013 Departamentos en Lince<\/span><\/strong><span class=\"ez-toc-section-end\"><\/span><\/h3>\n<p><img loading=\"lazy\" decoding=\"async\" class=\"aligncenter size-full wp-image-6240\" src=\"https:\/\/edifica.com.pe\/blog\/wp-content\/uploads\/2021\/07\/the-park-lince.jpg\" alt=\"the park lince\" width=\"720\" height=\"340\" title=\"\" srcset=\"https:\/\/edifica.com.pe\/blog\/wp-content\/uploads\/2021\/07\/the-park-lince.jpg 720w, https:\/\/edifica.com.pe\/blog\/wp-content\/uploads\/2021\/07\/the-park-lince-300x142.jpg 300w, https:\/\/edifica.com.pe\/blog\/wp-content\/uploads\/2021\/07\/the-park-lince-600x283.jpg 600w\" sizes=\"auto, (max-width: 720px) 100vw, 720px\" \/><\/p>\n<p><span style=\"font-weight: 400;\">Si para ti la ubicaci\u00f3n es el factor m\u00e1s importante en un departamento, este proyecto te brinda justo lo que buscas.<\/span><\/p>\n<p><span style=\"font-weight: 400;\">Ubicado en la Av. Rivera Navarrete 2821 Lince, The Park te ofrece un estilo de vida exclusivo y, al mismo tiempo, urbano. Aqu\u00ed encontrar\u00e1s departamentos que van desde los 45 m2 hasta los 75 m2 con 1, 2 y hasta 3 dormitorios; as\u00ed como \u00e1reas comunes completamente equipadas.<\/span><\/p>\n<h3 style=\"text-align: justify;\"><span class=\"ez-toc-section\" id=\"Artinto_%E2%80%93_Departamentos_en_Barranco\"><\/span><strong><span style=\"color: #ff9900;\">Artinto \u2013 Departamentos en Barranco<\/span><\/strong><span class=\"ez-toc-section-end\"><\/span><\/h3>\n<p><img loading=\"lazy\" decoding=\"async\" class=\"aligncenter wp-image-5348 size-large\" src=\"https:\/\/edifica.com.pe\/blog\/wp-content\/uploads\/2019\/06\/proyectos-inmobiliarios-ecologicos-artinto-barranco-1024x403.jpg\" alt=\"proyecto artinto barranco\" width=\"1024\" height=\"403\" title=\"\" srcset=\"https:\/\/edifica.com.pe\/blog\/wp-content\/uploads\/2019\/06\/proyectos-inmobiliarios-ecologicos-artinto-barranco-1024x403.jpg 1024w, https:\/\/edifica.com.pe\/blog\/wp-content\/uploads\/2019\/06\/proyectos-inmobiliarios-ecologicos-artinto-barranco-300x118.jpg 300w, https:\/\/edifica.com.pe\/blog\/wp-content\/uploads\/2019\/06\/proyectos-inmobiliarios-ecologicos-artinto-barranco-768x302.jpg 768w, https:\/\/edifica.com.pe\/blog\/wp-content\/uploads\/2019\/06\/proyectos-inmobiliarios-ecologicos-artinto-barranco-1200x472.jpg 1200w, https:\/\/edifica.com.pe\/blog\/wp-content\/uploads\/2019\/06\/proyectos-inmobiliarios-ecologicos-artinto-barranco-600x236.jpg 600w, https:\/\/edifica.com.pe\/blog\/wp-content\/uploads\/2019\/06\/proyectos-inmobiliarios-ecologicos-artinto-barranco.jpg 1500w\" sizes=\"auto, (max-width: 1024px) 100vw, 1024px\" \/><\/p>\n<p><span style=\"font-weight: 400;\">Este proyecto brinda a tu vida un poco de la vida fresca y contempor\u00e1nea t\u00edpica de Barranco. Adem\u00e1s, est\u00e1 ubicada a solo unos pasos del <\/span><b>Malec\u00f3n Paul Harris Artinto<\/b><span style=\"font-weight: 400;\"> te ofrece departamentos desde 70m2 hasta 180 m2 de 2 y 3 dormitorios.<\/span><\/p>\n<p><span style=\"font-weight: 400;\">Los espacios compartidos cuentan con jacuzzi &amp; deck, bike parking, grill &amp; lounge, game zone y lounge bar.<\/span><\/p>\n<h3 style=\"text-align: justify;\"><span class=\"ez-toc-section\" id=\"Grau_15_%E2%80%93_Departamentos_en_Barranco\"><\/span><strong><span style=\"color: #ff9900;\">Grau 15 \u2013 Departamentos en Barranco<\/span><\/strong><span class=\"ez-toc-section-end\"><\/span><\/h3>\n<p><img loading=\"lazy\" decoding=\"async\" class=\"aligncenter size-full wp-image-6243\" src=\"https:\/\/edifica.com.pe\/blog\/wp-content\/uploads\/2021\/07\/grau-barranco.jpg\" alt=\"grau barranco\" width=\"720\" height=\"340\" title=\"\" srcset=\"https:\/\/edifica.com.pe\/blog\/wp-content\/uploads\/2021\/07\/grau-barranco.jpg 720w, https:\/\/edifica.com.pe\/blog\/wp-content\/uploads\/2021\/07\/grau-barranco-300x142.jpg 300w, https:\/\/edifica.com.pe\/blog\/wp-content\/uploads\/2021\/07\/grau-barranco-600x283.jpg 600w\" sizes=\"auto, (max-width: 720px) 100vw, 720px\" \/><\/p>\n<p><span style=\"font-weight: 400;\">Un buen estilo de vida es muy importante y la ubicaci\u00f3n tiene mucha influencia en ese factor. Con esto en mente, Grau 15 te ofrece departamentos y oficinas que se integran a la perfecci\u00f3n con la libertad y el arte caracter\u00edsticos de este distrito.<\/span><\/p>\n<p><span style=\"font-weight: 400;\">El proyecto te brinda departamentos desde 28 m2 con \u00e1reas comunes que comprenden terraza, piscina, lavander\u00eda, sala bar, gimnasio, ascensores independientes y sala de juegos.<\/span><\/p>\n<h3 style=\"text-align: justify;\"><span class=\"ez-toc-section\" id=\"Soul_%E2%80%93_Departamentos_en_Miraflores\"><\/span><strong><span style=\"color: #ff9900;\"><span style=\"color: #ff9900;\">Soul \u2013 Departamentos en Miraflores<\/span><\/span><\/strong><span class=\"ez-toc-section-end\"><\/span><\/h3>\n<p><img loading=\"lazy\" decoding=\"async\" class=\"aligncenter size-full wp-image-6244\" src=\"https:\/\/edifica.com.pe\/blog\/wp-content\/uploads\/2021\/07\/soul-miraflores.jpg\" alt=\"miraflores\" width=\"720\" height=\"340\" title=\"\" srcset=\"https:\/\/edifica.com.pe\/blog\/wp-content\/uploads\/2021\/07\/soul-miraflores.jpg 720w, https:\/\/edifica.com.pe\/blog\/wp-content\/uploads\/2021\/07\/soul-miraflores-300x142.jpg 300w, https:\/\/edifica.com.pe\/blog\/wp-content\/uploads\/2021\/07\/soul-miraflores-600x283.jpg 600w\" sizes=\"auto, (max-width: 720px) 100vw, 720px\" \/><\/p>\n<p style=\"text-align: justify;\"><span style=\"font-weight: 400;\">\u00bfBuscas conveniencia? Soul est\u00e1 ubicado en la <\/span><b>avenida 28 de Julio<\/b><span style=\"font-weight: 400;\">, una de las principales v\u00edas de conexi\u00f3n de la ciudad. \u00bfBuscas comodidad? El proyecto te ofrece departamentos d\u00faplex y flats desde 85 m2 hasta 109 m2 con 1 y 2 dormitorios, ideales para que encuentres la alternativa que mejor se acomode a ti.<\/span><\/p>\n<h3 style=\"text-align: justify;\"><span class=\"ez-toc-section\" id=\"360%C2%B0_%E2%80%93_Departamentos_en_Miraflores\"><\/span><span style=\"color: #ff9900;\"><span style=\"font-weight: 400;\"><strong>360\u00b0 \u2013 Departamentos en Miraflores<\/strong><\/span><\/span><span class=\"ez-toc-section-end\"><\/span><\/h3>\n<p><img loading=\"lazy\" decoding=\"async\" class=\"aligncenter size-full wp-image-6245\" src=\"https:\/\/edifica.com.pe\/blog\/wp-content\/uploads\/2021\/07\/360-miraflores.jpg\" alt=\"miraflores\" width=\"720\" height=\"340\" title=\"\" srcset=\"https:\/\/edifica.com.pe\/blog\/wp-content\/uploads\/2021\/07\/360-miraflores.jpg 720w, https:\/\/edifica.com.pe\/blog\/wp-content\/uploads\/2021\/07\/360-miraflores-300x142.jpg 300w, https:\/\/edifica.com.pe\/blog\/wp-content\/uploads\/2021\/07\/360-miraflores-600x283.jpg 600w\" sizes=\"auto, (max-width: 720px) 100vw, 720px\" \/><\/p>\n<p><span style=\"font-weight: 400;\">\u00bfTe encanta el estilo y la sofisticaci\u00f3n? Perfecto. 360\u00b0 toma en cuenta las \u00faltimas tendencias internacionales para ofrecerte bellos ambientes.<\/span><\/p>\n<p><span style=\"font-weight: 400;\">Asimismo, este proyecto est\u00e1 ubicado en una de las <\/span><b>zonas m\u00e1s accesibles de Miraflores<\/b><span style=\"font-weight: 400;\"> y a solo 5 minutos de Larcomar.<\/span><\/p>\n<p><span style=\"font-weight: 400;\">Las \u00e1reas van desde 75 m2 hasta 209 m2 y los espacios compartidos cuentan con ascensores privados, piscina lounge, sala bar y fitness center + \u00e1rea de yoga.<\/span><\/p>\n<h3 style=\"text-align: justify;\"><span class=\"ez-toc-section\" id=\"Black_%E2%80%93_Departamentos_en_San_Isidro\"><\/span><span style=\"color: #ff9900;\"><span style=\"font-weight: 400;\"><strong>Black \u2013 Departamentos en San Isidro<\/strong><\/span><\/span><span class=\"ez-toc-section-end\"><\/span><\/h3>\n<p><img loading=\"lazy\" decoding=\"async\" class=\"aligncenter wp-image-5349 size-large\" src=\"https:\/\/edifica.com.pe\/blog\/wp-content\/uploads\/2019\/06\/proyectos-inmobiliarios-ecologicos-black-san-isidro-1024x403.jpg\" alt=\"proyecto black san isidro\" width=\"1024\" height=\"403\" title=\"\" srcset=\"https:\/\/edifica.com.pe\/blog\/wp-content\/uploads\/2019\/06\/proyectos-inmobiliarios-ecologicos-black-san-isidro-1024x403.jpg 1024w, https:\/\/edifica.com.pe\/blog\/wp-content\/uploads\/2019\/06\/proyectos-inmobiliarios-ecologicos-black-san-isidro-300x118.jpg 300w, https:\/\/edifica.com.pe\/blog\/wp-content\/uploads\/2019\/06\/proyectos-inmobiliarios-ecologicos-black-san-isidro-768x302.jpg 768w, https:\/\/edifica.com.pe\/blog\/wp-content\/uploads\/2019\/06\/proyectos-inmobiliarios-ecologicos-black-san-isidro-1200x472.jpg 1200w, https:\/\/edifica.com.pe\/blog\/wp-content\/uploads\/2019\/06\/proyectos-inmobiliarios-ecologicos-black-san-isidro-600x236.jpg 600w, https:\/\/edifica.com.pe\/blog\/wp-content\/uploads\/2019\/06\/proyectos-inmobiliarios-ecologicos-black-san-isidro.jpg 1500w\" sizes=\"auto, (max-width: 1024px) 100vw, 1024px\" \/><\/p>\n<p style=\"text-align: justify;\"><span style=\"font-weight: 400;\">Este proyecto conjuga elegancia e innovaci\u00f3n con un estilo de vida saludable. Black se encuentra en el centro de todo: est\u00e1 muy cerca del <\/span><b>Parque El Olivar<\/b><span style=\"font-weight: 400;\">, C. C. Camino Real y tiene salida directa hacia las <\/span><b>avenidas Petit Thouars, Javier Prado y Arequipa<\/b><span style=\"font-weight: 400;\">. Cuenta con \u00e1reas que van desde los 45 m2 hasta los 78 m2 y departamentos de 1 y 2 dormitorios.<\/span><\/p>\n<h3 style=\"text-align: justify;\"><span class=\"ez-toc-section\" id=\"Connect_Barranco_%E2%80%93_Departamentos_en_Barranco\"><\/span><span style=\"color: #ff9900;\"><span style=\"font-weight: 400;\"><strong>Connect Barranco \u2013 Departamentos en Barranco<\/strong><\/span><\/span><span class=\"ez-toc-section-end\"><\/span><\/h3>\n<p><span style=\"font-weight: 400;\">Barranco es el distrito bohemio por excelencia de Lima. Este factor juega a favor de Connect Barranco, el cual te ofrece un estilo de vida cosmopolita muy atractivo.<\/span><\/p>\n<p><span style=\"font-weight: 400;\">El proyecto pone a tu disposici\u00f3n \u00e1reas desde 28 m2 hasta 57 m2 y los espacios compartidos comprenden piscina, gimnasio, sala bar, lavander\u00eda, centro de seguridad y grill and lounge.<\/span><\/p>\n<h3 style=\"text-align: justify;\"><span class=\"ez-toc-section\" id=\"Garden_360_%E2%80%93_Departamentos_en_Piura\"><\/span><strong><span style=\"color: #ff9900;\">Garden 360 \u2013 Departamentos en Piura<\/span><\/strong><span class=\"ez-toc-section-end\"><\/span><\/h3>\n<p><img loading=\"lazy\" decoding=\"async\" class=\"aligncenter size-full wp-image-6246\" src=\"https:\/\/edifica.com.pe\/blog\/wp-content\/uploads\/2021\/07\/garden-360-piura.jpg\" alt=\"piura\" width=\"720\" height=\"340\" title=\"\" srcset=\"https:\/\/edifica.com.pe\/blog\/wp-content\/uploads\/2021\/07\/garden-360-piura.jpg 720w, https:\/\/edifica.com.pe\/blog\/wp-content\/uploads\/2021\/07\/garden-360-piura-300x142.jpg 300w, https:\/\/edifica.com.pe\/blog\/wp-content\/uploads\/2021\/07\/garden-360-piura-600x283.jpg 600w\" sizes=\"auto, (max-width: 720px) 100vw, 720px\" \/><\/p>\n<p><span style=\"font-weight: 400;\">Este proyecto inmobiliario te entrega un condominio creado pensando en la felicidad de tu familia.<\/span><\/p>\n<p><span style=\"font-weight: 400;\">Dale a tu vida la tranquilidad de vivir rodeado de naturaleza. Garden 360 te ofrece departamentos de 65 m2, 71 m2 y 75 m2 con 3 dormitorios.<\/span><\/p>\n<p><span style=\"font-weight: 400;\">Los espacios compartidos comprenden sal\u00f3n de juegos para ni\u00f1os, piscina, \u00e1rea de parrillas, sala de cine, gimnasio y salas sociales para adultos y j\u00f3venes.<\/span><\/p>\n<h3 style=\"text-align: justify;\"><span class=\"ez-toc-section\" id=\"Las_Palmeras_del_Chipe_%E2%80%93_Departamentos_en_Piura\"><\/span><span style=\"color: #ff9900;\"><span style=\"font-weight: 400;\"><strong>Las Palmeras del Chipe \u2013 Departamentos en Piura<\/strong><\/span><\/span><span class=\"ez-toc-section-end\"><\/span><\/h3>\n<p><img loading=\"lazy\" decoding=\"async\" class=\"aligncenter wp-image-5350 size-large\" src=\"https:\/\/edifica.com.pe\/blog\/wp-content\/uploads\/2019\/06\/proyectos-inmobiliarios-ecologicos-palmeras-de-chipe-piura-1024x403.jpg\" alt=\"proyecto palmeras chipe piura\" width=\"1024\" height=\"403\" title=\"\" srcset=\"https:\/\/edifica.com.pe\/blog\/wp-content\/uploads\/2019\/06\/proyectos-inmobiliarios-ecologicos-palmeras-de-chipe-piura-1024x403.jpg 1024w, https:\/\/edifica.com.pe\/blog\/wp-content\/uploads\/2019\/06\/proyectos-inmobiliarios-ecologicos-palmeras-de-chipe-piura-300x118.jpg 300w, https:\/\/edifica.com.pe\/blog\/wp-content\/uploads\/2019\/06\/proyectos-inmobiliarios-ecologicos-palmeras-de-chipe-piura-768x302.jpg 768w, https:\/\/edifica.com.pe\/blog\/wp-content\/uploads\/2019\/06\/proyectos-inmobiliarios-ecologicos-palmeras-de-chipe-piura.jpg 1500w\" sizes=\"auto, (max-width: 1024px) 100vw, 1024px\" \/><\/p>\n<p><span style=\"font-weight: 400;\">\u00bfTe gustar\u00eda vivir en una de las <\/span><b>zonas exclusivas de Piura<\/b><span style=\"font-weight: 400;\">? Bueno, Las Palmeras del Chipe te ofrece una inmejorable ubicaci\u00f3n repleta de \u00e1reas verdes interiores y dise\u00f1ada por los mejores especialistas en el campo.<\/span><\/p>\n<p><span style=\"font-weight: 400;\">Este proyecto te ofrece \u00e1reas desde 49 m2 hasta 96 m2. Lograr\u00e1s que la modernidad y la naturaleza se integren a tu vida diaria.<\/span><\/p>\n<h3 style=\"text-align: justify;\"><span class=\"ez-toc-section\" id=\"Oficinas\"><\/span><strong>Oficinas<\/strong><span class=\"ez-toc-section-end\"><\/span><\/h3>\n<h3 style=\"text-align: justify;\"><span class=\"ez-toc-section\" id=\"Grau_15_%E2%80%93_Oficinas_en_Barranco\"><\/span><strong><span style=\"color: #ff9900;\">Grau 15 \u2013 Oficinas en Barranco<\/span><\/strong><span class=\"ez-toc-section-end\"><\/span><\/h3>\n<p><img loading=\"lazy\" decoding=\"async\" class=\"aligncenter size-full wp-image-6248\" src=\"https:\/\/edifica.com.pe\/blog\/wp-content\/uploads\/2021\/07\/grau-barranco-oficina.jpg\" alt=\"oficina barranco\" width=\"720\" height=\"340\" title=\"\" srcset=\"https:\/\/edifica.com.pe\/blog\/wp-content\/uploads\/2021\/07\/grau-barranco-oficina.jpg 720w, https:\/\/edifica.com.pe\/blog\/wp-content\/uploads\/2021\/07\/grau-barranco-oficina-300x142.jpg 300w, https:\/\/edifica.com.pe\/blog\/wp-content\/uploads\/2021\/07\/grau-barranco-oficina-600x283.jpg 600w\" sizes=\"auto, (max-width: 720px) 100vw, 720px\" \/><\/p>\n<p style=\"text-align: justify;\"><span style=\"font-weight: 400;\">Siempre es importante contar con espacios que aporten comodidad y funcionalidad a las instalaciones de tu empresa. En ese sentido, Grau 15 tiene para tu empresa oficinas que cuentan con las m\u00e1s convenientes \u00e1reas comunes. Adem\u00e1s, tienes la opci\u00f3n de elegir entre espacios de 24 m2, 31 m2 y 50 m2.<\/span><\/p>\n<h3 style=\"text-align: justify;\"><span class=\"ez-toc-section\" id=\"360%C2%B0_%E2%80%93_Oficinas_en_Miraflores\"><\/span><strong><span style=\"color: #ff9900;\">360\u00b0 \u2013 Oficinas en Miraflores<\/span><\/strong><span class=\"ez-toc-section-end\"><\/span><\/h3>\n<p><img loading=\"lazy\" decoding=\"async\" class=\"aligncenter size-full wp-image-6250\" src=\"https:\/\/edifica.com.pe\/blog\/wp-content\/uploads\/2021\/07\/360-oficina-miraflores.jpg\" alt=\"oficina miraflores\" width=\"720\" height=\"340\" title=\"\" srcset=\"https:\/\/edifica.com.pe\/blog\/wp-content\/uploads\/2021\/07\/360-oficina-miraflores.jpg 720w, https:\/\/edifica.com.pe\/blog\/wp-content\/uploads\/2021\/07\/360-oficina-miraflores-300x142.jpg 300w, https:\/\/edifica.com.pe\/blog\/wp-content\/uploads\/2021\/07\/360-oficina-miraflores-600x283.jpg 600w\" sizes=\"auto, (max-width: 720px) 100vw, 720px\" \/><\/p>\n<p><span style=\"font-weight: 400;\">Una ubicaci\u00f3n conveniente es siempre importante para las empresas y 360\u00b0 se localiza en un punto clave de Miraflores. Al estar ubicado en la avenida Reducto 825, se obtiene f\u00e1cil accesibilidad.<\/span><\/p>\n<p><span style=\"font-weight: 400;\">Adem\u00e1s, te ofrece oficinas desde 20 m2 hasta 72 m2 con \u00e1reas comunes que comprenden directorios, business center y comedor.<\/span><\/p>\n<h3 style=\"text-align: justify;\"><span class=\"ez-toc-section\" id=\"Connect_Barranco_%E2%80%93_Oficinas_boutique_en_Barranco\"><\/span><span style=\"color: #ff9900;\"><strong>Connect Barranco \u2013 Oficinas boutique en Barranco<\/strong><\/span><span class=\"ez-toc-section-end\"><\/span><\/h3>\n<p><img loading=\"lazy\" decoding=\"async\" class=\"aligncenter size-full wp-image-6251\" src=\"https:\/\/edifica.com.pe\/blog\/wp-content\/uploads\/2021\/07\/conect-barranco-oficina.jpg\" alt=\"barranco oficina\" width=\"720\" height=\"340\" title=\"\" srcset=\"https:\/\/edifica.com.pe\/blog\/wp-content\/uploads\/2021\/07\/conect-barranco-oficina.jpg 720w, https:\/\/edifica.com.pe\/blog\/wp-content\/uploads\/2021\/07\/conect-barranco-oficina-300x142.jpg 300w, https:\/\/edifica.com.pe\/blog\/wp-content\/uploads\/2021\/07\/conect-barranco-oficina-600x283.jpg 600w\" sizes=\"auto, (max-width: 720px) 100vw, 720px\" \/><\/p>\n<p><span style=\"font-weight: 400;\">El proyecto inmobiliario Connect Barranco pone a tu disposici\u00f3n acabados de la m\u00e1s alta calidad que aportar\u00e1n a tu empresa un estilo que la apartar\u00e1 de los competidores. Las <\/span><b>oficinas boutique<\/b><span style=\"font-weight: 400;\"> est\u00e1n semi implementadas y listas para usarse. Adem\u00e1s, cuenta con ascensores privados, business center, comedor y centro de seguridad.<\/span><\/p>\n<p><span style=\"font-weight: 400;\">S\u00e9 parte de la feria D\u00edas de Locura Inmobiliaria 2021 y consigue ese departamento u oficina que tanto has buscado desde el lugar donde te encuentres.<\/span><\/p>\n<p style=\"text-align: justify;\"><b>Inmobiliaria Edifica<\/b><span style=\"font-weight: 400;\"> te ofrece los mejores proyectos de departamentos y oficinas ubicados en las mejores zonas de Lima y otras ciudades. Si deseas obtener m\u00e1s informaci\u00f3n sobre nuestros proyectos, <\/span><a href=\"https:\/\/locurainmobiliaria.com\/\" target=\"_blank\" rel=\"noopener\"><span style=\"font-weight: 400;\">visita la p\u00e1gina de D\u00edas de Locura Inmobiliaria<\/span><\/a><span style=\"font-weight: 400;\">.<\/span><\/p>\n","protected":false},"excerpt":{"rendered":"<p>Julio ser\u00e1 el mes en el cual finalmente encontrar\u00e1s el departamento que t\u00fa y tu familia han estado buscando. Edifica te invita a los D\u00edas de Locura Inmobiliaria 2021, evento que pone en vitrina la m\u00e1s grande colecci\u00f3n de opciones inmobiliarias. Tendr\u00e1s desde el 01 al 12 de diciembre para elegir entre los mejores proyectos [&hellip;]<\/p>\n","protected":false},"author":15,"featured_media":6235,"comment_status":"closed","ping_status":"open","sticky":false,"template":"","format":"image","meta":{"_mbp_gutenberg_autopost":false,"footnotes":""},"categories":[93,51],"tags":[44,67,172,80,173],"class_list":["post-5338","post","type-post","status-publish","format-image","has-post-thumbnail","hentry","category-novedades","category-departamentos-venta","tag-ahorro","tag-departamentos","tag-imnuebles","tag-inversion","tag-proyectos","post_format-post-format-image"],"_links":{"self":[{"href":"https:\/\/edifica.com.pe\/blog\/wp-json\/wp\/v2\/posts\/5338","targetHints":{"allow":["GET"]}}],"collection":[{"href":"https:\/\/edifica.com.pe\/blog\/wp-json\/wp\/v2\/posts"}],"about":[{"href":"https:\/\/edifica.com.pe\/blog\/wp-json\/wp\/v2\/types\/post"}],"author":[{"embeddable":true,"href":"https:\/\/edifica.com.pe\/blog\/wp-json\/wp\/v2\/users\/15"}],"replies":[{"embeddable":true,"href":"https:\/\/edifica.com.pe\/blog\/wp-json\/wp\/v2\/comments?post=5338"}],"version-history":[{"count":1,"href":"https:\/\/edifica.com.pe\/blog\/wp-json\/wp\/v2\/posts\/5338\/revisions"}],"predecessor-version":[{"id":8368,"href":"https:\/\/edifica.com.pe\/blog\/wp-json\/wp\/v2\/posts\/5338\/revisions\/8368"}],"wp:featuredmedia":[{"embeddable":true,"href":"https:\/\/edifica.com.pe\/blog\/wp-json\/wp\/v2\/media\/6235"}],"wp:attachment":[{"href":"https:\/\/edifica.com.pe\/blog\/wp-json\/wp\/v2\/media?parent=5338"}],"wp:term":[{"taxonomy":"category","embeddable":true,"href":"https:\/\/edifica.com.pe\/blog\/wp-json\/wp\/v2\/categories?post=5338"},{"taxonomy":"post_tag","embeddable":true,"href":"https:\/\/edifica.com.pe\/blog\/wp-json\/wp\/v2\/tags?post=5338"}],"curies":[{"name":"wp","href":"https:\/\/api.w.org\/{rel}","templated":true}]}}